{"id":461,"date":"2019-05-19T18:07:31","date_gmt":"2019-05-19T16:07:31","guid":{"rendered":"http:\/\/weblog.igler.at\/?p=461"},"modified":"2019-05-19T22:16:44","modified_gmt":"2019-05-19T20:16:44","slug":"verschwoerungstheorien-frische-verschwoerungstheorien-schoene-neue-verschwoerungstheorien","status":"publish","type":"post","link":"https:\/\/weblog.igler.at\/?p=461","title":{"rendered":"Verschw\u00f6rungstheorien \u2026 frische Verschw\u00f6rungstheorien \u2026 sch\u00f6ne neue Verschw\u00f6rungstheorien"},"content":{"rendered":"\n<p><br><\/p>\n\n\n\n<p>Meine Blogpostings seien zu lang, hat\nman mir gesagt. Ich schweife zu sehr ab. Also gut, heute ganz ohne Einleitung.<\/p>\n\n\n\n<p>Es ist jetzt Sonntagabend, der 19. Mai\n2019. Anl\u00e4sslich des Endes des Kabinetts Kurz I mit dem mittlerweile sattsam\nbekannten Ibiza-Video stehen eine Reihe von Fragen im Raum, die eine Reihe von\nVerschw\u00f6rungstheorien \u2013 \u00e4h \u2013 mit sich bringen. <\/p>\n\n\n\n<p>Hier ist eine lose Zusammenfassung, per\nheute und hier, die keinerlei Anspruch auf Vollst\u00e4ndigkeit, Sinnhaftigkeit oder\nsonst irgend etwas erhebt.<\/p>\n\n\n\n<p>Ich nenne auch ganz bewusst keine\nQuellen und berufe mich jetzt mal auf den journalistischen Quellenschutz. <\/p>\n\n\n\n<p class=\"has-medium-font-size\"><strong>Ein Geheimdienst war es<\/strong><\/p>\n\n\n\n<p>Vor etwa einem Monat haben westliche\nGeheimdienste alle Informationsfl\u00fcsse zu \u00f6sterreichischen Partnern abgebrochen.\nDas hat es in dieser Form seit 1945 nicht gegeben. Schon seit der <a href=\"https:\/\/de.wikipedia.org\/wiki\/BVT-Aff%C3%A4re\">Razzia<\/a> auf den\nheimischen <a href=\"https:\/\/de.wikipedia.org\/wiki\/Bundesamt_f%C3%BCr_Verfassungsschutz_und_Terrorismusbek%C3%A4mpfung\">Verfassungsschutz<\/a>\n(BVT) erz\u00e4hlt man sich derartiges, nunmehr hat es der Deutsche\nBundesnachrichtendienst ganz offen der deutschen WELT <a href=\"https:\/\/derstandard.at\/2000103389250\/Deutscher-Verfassungsschutz-spricht-Oesterreich-Misstrauen-aus\">erz\u00e4hlt<\/a>.<\/p>\n\n\n\n<p>Es muss ja auch nicht der BND gewesen\nsein, auch die franz\u00f6sische <a href=\"https:\/\/de.wikipedia.org\/wiki\/Direction_G%C3%A9n%C3%A9rale_de_la_S%C3%A9curit%C3%A9_Ext%C3%A9rieure\">DGSE<\/a>\nw\u00e4re ein m\u00f6glicher Kandidat. Macron hat seine eigenen Probleme mit den Rechten\nund f\u00fcrchtet auch ihr europ\u00e4isches Erstarken. <\/p>\n\n\n\n<p>Auch den Zeitpunkt genau vor den Europawahlen (auf die Frage warum erst jetzt?) l\u00e4sst sich so erkl\u00e4ren: Das Treffen der <a href=\"https:\/\/www.dw.com\/de\/mailand-treffen-der-europ%C3%A4ischen-rechtspopulisten\/av-48794980\">Rechtspopulisten in Mailand<\/a> war genau an diesem Wochenende, dort w\u00e4re Harald Vilimsky ein Stargast gewesen, das hat sich ja jetzt <a href=\"https:\/\/derstandard.at\/2000103392068\/Rechtspopulisten-Treffen-Fuenf-Sterne-besorgt-Vilimsky-sagt-ab\">erledigt<\/a>. Und wie weit es den Rechten bei der EU-Wahl schadet, wird man erst sehen. Jedenfalls h\u00e4tte man so zwei Fliegen mit einem Schlag (pun intended) erwischt. <\/p>\n\n\n\n<p>Der britische <a href=\"https:\/\/de.wikipedia.org\/wiki\/Secret_Intelligence_Service\">MI6<\/a> f\u00e4llt\nda eher aus, deren Europasorgen liegen woanders.<\/p>\n\n\n\n<p>Einige Ungereimtheiten sprechen da\ndagegen, zum Beispiel dass Geheimdienste \u00fcblicherweise ihre Tatorte nicht \u00fcber\nAirB&amp;B anmieten, aber vielleicht muss ja gespart werden. Und warum auch\nnicht. Auch dass das Video seit l\u00e4ngerer Zeit zum Kauf angeboten worden sei,\nh\u00f6rt man. Das kann auch eine geschickte Verschleierungstaktik sein, Spiegel und\nS\u00fcddeutsche jedenfalls beschw\u00f6ren glaubhaft, nichts bezahlt zu haben.<\/p>\n\n\n\n<p>Auch warum gerade \u00d6sterreich, so\nbedeutend sind wir ja auch nicht. Warum nicht Polen? Oder Orb\u00e1n? M\u00f6gliche\nAntwort: So leicht w\u00e4re das dort nicht gegangen, weder Orb\u00e1n noch der polnische\nMinisterpr\u00e4sident Mateusz Morawiecki regieren in einer Koalition und w\u00e4ren\nderart kompromittierbar. Und so eng ist die Zusammenarbeit mit den dortigen\nGeheimdiensten auch wieder nicht, w\u00e4hrend \u00d6sterreich auf dem Balkan ein nicht\nzu untersch\u00e4tzender Mitspieler ist. Au\u00dferdem ist Wien als dritter UN-Standort\nund traditionelles Transitland f\u00fcr Spione aller Art wesentlich interessanter\nals Budapest oder Warschau.<\/p>\n\n\n\n<p>Zur These \u201eGeheimdienste\u201c gibt noch\neine<\/p>\n\n\n\n<p class=\"has-medium-font-size\"><strong>Variante<\/strong> <\/p>\n\n\n\n<p>N\u00e4mlich die, dass gar nicht Strache als\nVizekanzler das prim\u00e4re Ziel war, sondern <a href=\"https:\/\/de.wikipedia.org\/wiki\/Johann_Gudenus_(Politiker)\">Johann Gudenus<\/a>.<\/p>\n\n\n\n<p>Der Junge hat w\u00e4hrend seines\nJus-Studiums regelm\u00e4\u00dfig Sommerkurse an der <a href=\"https:\/\/de.wikipedia.org\/wiki\/Lomonossow-Universit%C3%A4t\">Lomonossow-Universit\u00e4t<\/a>\nin Moskau besucht und erhielt 2004 das TRKI-Russischzertifikat des\nBildungsministeriums der Russischen F\u00f6deration. Gudenus hat auch die <a href=\"https:\/\/de.wikipedia.org\/wiki\/Diplomatische_Akademie_Wien\">Diplomatische\nAkademie Wien<\/a> 2005 absolviert und dabei Kurse an der Diplomatischen\nAkademie des Russischen Au\u00dfenministeriums, einem traditionellem Ausbildungsort\nf\u00fcr russische Spione, belegt. Gudenus ist der einzige Politiker einer\neurop\u00e4ischen Regierungspartei, der seine Emails \u00fcber <a href=\"https:\/\/de.wikipedia.org\/wiki\/Mail.Ru_Group\">mail.ru<\/a> verschickt, er\nist ein Freund des tschetschenischen Diktators Ramzan Kadyrov und er war nach\nder Annexion der Krim \u201eWahlbeobachter\u201c bei der darauffolgenden Abstimmung.\nGudenus ist \u201edas Trojanische Pferd Russlands in der EU\u201c. (Zitat auf Twitter)<\/p>\n\n\n\n<p>Unbestritten ist, dass Gudenus schlauer ist als sein Burschenschaftsvater Strache, aber beide gelten nicht als die hellsten Fackeln beim Aufmarsch der Rechten.<\/p>\n\n\n\n<p>Und auch hier gilt: Die Kombi von\nEntfernung der Zielperson von der Macht und gleichzeitige Schw\u00e4chung der Neuen\nRechten vor der Europawahl w\u00fcrden auch den Zeitpunkt erkl\u00e4ren.<\/p>\n\n\n\n<p class=\"has-medium-font-size\"><strong>Der B\u00f6hmermann war es<\/strong><\/p>\n\n\n\n<p>Schon vor einem Monat hat\nder Satiriker Jan B\u00f6hmermann in einem Video-Gru\u00dfwort f\u00fcr die Verleihung des\n\u00f6sterreichischen Fernsehpreises Romy gescherzt, er h\u00e4nge \u201egerade ziemlich\nzugekokst und Red-Bull-betankt mit ein paar FP\u00d6-Gesch\u00e4ftsfreunden in einer\nrussischen Oligarchenvilla auf Ibiza\u201c rum und verhandle \u00fcber die \u00dcbernahme der\nKronen-Zeitung und ob er die Meinungsmache in \u00d6sterreich an sich rei\u00dfen k\u00f6nne.\nAber dar\u00fcber d\u00fcrfe er \u201eleider noch nicht reden\u201c, so B\u00f6hmermann weiter.&nbsp; Dass der Satiriker das heikle Video\nbereits vor Wochen kannte, best\u00e4tigte sein Manager Peter Burtz am Samstag. Er\ndementierte aber, dass die Aufnahmen B\u00f6hmermann angeboten worden seien. Da sie\nihm nicht angeboten worden seien, habe er sie auch nicht abgelehnt. Woher\nB\u00f6hmermann die Aufnahmen kannte, wisse er nicht, sagte Burtz. <\/p>\n\n\n\n<p>Zuvor hatte die Journalistin\nLeila Al-Serori von der S\u00fcddeutschen Zeitung im ORF erkl\u00e4rt, dass B\u00f6hmermann\ndie Aufnahmen angeboten worden seien, er jedoch den Fall nicht weiter\nrecherchiert habe.&nbsp; In seiner\nSendung \u201eNeo Magazin Royal\u201c am vergangenen Donnerstag deutete B\u00f6hmermann sogar\ndie Berichte \u00fcber das Strache-Video an \u2013 mit den Worten \u201ekann sein, dass morgen\n\u00d6sterreich brennt\u201c.<\/p>\n\n\n\n<p>Diese Theorie ist sehr krude und wird\nhier nur der Vollst\u00e4ndigkeit halber erw\u00e4hnt. Aber wer wei\u00df? Vielleicht ist es\nja doch eine Verschw\u00f6rung der linken Journaille.<\/p>\n\n\n\n<p class=\"has-medium-font-size\"><strong>Die \u00d6VP war es<\/strong><\/p>\n\n\n\n<p>Meine Lieblingstheorie.<\/p>\n\n\n\n<p>Es w\u00e4re zwar sehr verbl\u00fcffend, wenn jemand wie der zerstrittene Haufen VP so eine Aktion auf die Reihe bek\u00e4me (und sie fast zwei Jahre geheim halten k\u00f6nnte), aber m\u00f6glich w\u00e4re es. Der Bubenkanzler ist ein eiskalter Machttheoretiker, ihm ist es zuzutrauen, mit einigen wenigen Vertrauten die Aktion noch vor der damaligen Nationalratswahlen durchzuf\u00fchren und das Resultat im K\u00f6cher zu behalten, bis man es brauchen kann.<\/p>\n\n\n\n<p>Der Plan \u201eWende 2.0\u201c k\u00f6nnte aus der Feder von Wolfgang Sch\u00fcssel stammen: Erst gr\u00fcndet man NEOS, als \u201elinker\u201c aka neoliberaler Ableger der ehemals Schwarzen. Dann gewinnt man die Wahlen und geht in eine Koalition mit der FP, damit man m\u00f6glichst viel Porzellan zerdeppern kann. Wenn man das Wording elegant formuliert und die Message Control nicht verliert, kann man zu einem gegebenen Zeitpunkt sich des Partners entledigen, Neuwahlen ausrufen (und aus diesen gest\u00e4rkt herausgehen) und dann mit den NEOS ein gem\u00e4\u00dfigtes Kabinett II bilden, das die neoliberale Agenda, die bislang eher unbeachtet blieb,  abarbeitet.<\/p>\n\n\n\n<p>Dazu passt, dass die Villa \u00fcber AirB&amp;B abgemietet wurde und dass das Video so eine erb\u00e4rmliche Tonqualit\u00e4t hat. Professionelle Geheimdienste h\u00e4tten das technisch viel sauberer hinbekommen, das w\u00e4re heute kein Problem.<\/p>\n\n\n\n<p>Nach der Wahlkampfrede von Samstag ist das Framing von Kurz klar: Ich konnte bislang nur mit der (b\u00f6sen) FP\u00d6 regieren (mimimi) aber wenn ihr wollt, dass ich das Land rette, m\u00fcsst ihr mich jetzt noch mehr w\u00e4hlen.<\/p>\n\n\n\n<p>F\u00fcr eine Regierungsbeteiligung (statt\nder FP\u00d6) w\u00fcrden die NEOS ziemlich sicher umfallen, deshalb sollte man sie\nwahrscheinlich auch nicht w\u00e4hlen. Sorry, couldn\u2019t resist.<\/p>\n\n\n\n<p>Man m\u00fcsste jetzt noch die Timeline\ngenauer studieren. Zum Beispiel wurde NEOS 2013 gegr\u00fcndet, da war \u201eWende 1.0\u201c\nund dem Kabinett Sch\u00fcssel II mit J\u00f6rg Haider schon 2007 in die Hose gegangen.\nKurz hinwieder wurde 2008 JVP-Obmann in Wien und zog 2010 in den Wiener Landtag\nein, sein erstes politisches Mandat. <\/p>\n\n\n\n<p>Wenn die Theorie stimmt, m\u00fcsste Kurz\nirgendwann um diese Zeit Sch\u00fcssel aufgefallen sein. Wie weit der Plan von\nSch\u00fcssel ist und was Kurz dazu beigetragen hat, wie sehr (und wie oft) der Plan\nge\u00e4ndert wurde und wie sehr Sch\u00fcssel den Bubenkanzler noch im Griff hat (so er\ndas je hatte) und ob er heute noch gut findet, was sein Proteg\u00e9 so treibt, wei\u00df\nich leider auch nicht. <\/p>\n\n\n\n<p>M\u00fcsste man alles noch recherchieren. <\/p>\n\n\n\n<p class=\"has-medium-font-size\"><strong>Da Hofa war\u2019s<\/strong><\/p>\n\n\n\n<p>Wer profitiert innerhalb der FP\u00d6 am\nmeisten vom Sturz Straches? Richtig. W\u00e4re die Variante, wo der Zeitpunkt \u201evor\nder Europawahl\u201c anders zu beurteilen w\u00e4re (Hofer g\u00f6nnt Strache den Erfolg nicht?),\ndazu passt auch, dass die FP\u00d6-Gremien sofort Hofer als Vizekanzler-Nachfolger\nins Spiel brachten, sogar ohne zu pr\u00e4zisieren, in welcher Ministerposition.<\/p>\n\n\n\n<p>Dagegen spricht, dass Kurz daraufhin\ndie Koalition aufk\u00fcndigt. Vielleicht eine Fehlkalkulation von Hofer? Hofer\njedenfalls w\u00e4re Kurz um einiges ebenb\u00fcrtiger als Strache.<\/p>\n\n\n\n<p class=\"has-medium-font-size\"><strong>Die russische Mafia war es<\/strong><\/p>\n\n\n\n<p>Die h\u00e4tte es nur f\u00fcr Geld gemacht.\nDaf\u00fcr spricht das Ger\u00fccht, das Video w\u00e4re schon seit l\u00e4ngerem zum Verkauf\nangeboten. Vielleicht wollte man Strache damit erpressen? Oder Gudenus? Gudenus\nist Mitbesitzer eines russischen Handelshauses, von dem niemand genau wei\u00df,\nwomit sie handeln und wie viel Geld sie tats\u00e4chlich verdienen. Russische\nMafiosi haben schon mehrmals ihre Vorliebe f\u00fcr seltsame Motive bewiesen.<\/p>\n\n\n\n<p>Ich halte dieses Ger\u00fccht f\u00fcr eher\nunwahrscheinlich.<\/p>\n\n\n\n<p class=\"has-medium-font-size\"><strong>Der ORF war es<\/strong><\/p>\n\n\n\n<p>\u00c4hnlich skurril wie der Vorwurf an die\nrussische Mafia. Jedenfalls h\u00e4tte der ORF nicht nur die technische Expertise\nf\u00fcr so eine Aktion, sondern auch konkrete Motive (die FP\u00d6 wollte und will den\nORF zerschlagen), auch hatte man seit langem nicht mehr solche Zuseherzahlen\nwie an diesem Wochenende.<\/p>\n\n\n\n<p>OK, hier wird es langsam absurd.<\/p>\n\n\n\n<p>Aber irgendwo wird die Wahrheit schon liegen. Mal schauen, ab wann dieser Post nicht mehr aktuell ist.<\/p>\n","protected":false},"excerpt":{"rendered":"<p>Meine Blogpostings seien zu lang, hat man mir gesagt. Ich schweife zu sehr ab. Also gut, heute ganz ohne Einleitung. Es ist jetzt Sonntagabend, der 19. Mai 2019. Anl\u00e4sslich des Endes des Kabinetts Kurz I mit dem mittlerweile sattsam bekannten Ibiza-Video stehen eine Reihe von Fragen im Raum, die eine Reihe von Verschw\u00f6rungstheorien \u2013 \u00e4h &hellip; <\/p>\n<p class=\"link-more\"><a href=\"https:\/\/weblog.igler.at\/?p=461\" class=\"more-link\"><span class=\"screen-reader-text\">\u201eVerschw\u00f6rungstheorien \u2026 frische Verschw\u00f6rungstheorien \u2026 sch\u00f6ne neue Verschw\u00f6rungstheorien\u201c<\/span> weiterlesen<\/a><\/p>\n","protected":false},"author":1,"featured_media":0,"comment_status":"open","ping_status":"open","sticky":false,"template":"","format":"standard","meta":{"footnotes":""},"categories":[1],"tags":[19,18,16],"class_list":["post-461","post","type-post","status-publish","format-standard","hentry","category-uncategorized","tag-innenpolitik","tag-neue-rechte","tag-politik"],"_links":{"self":[{"href":"https:\/\/weblog.igler.at\/index.php?rest_route=\/wp\/v2\/posts\/461","targetHints":{"allow":["GET"]}}],"collection":[{"href":"https:\/\/weblog.igler.at\/index.php?rest_route=\/wp\/v2\/posts"}],"about":[{"href":"https:\/\/weblog.igler.at\/index.php?rest_route=\/wp\/v2\/types\/post"}],"author":[{"embeddable":true,"href":"https:\/\/weblog.igler.at\/index.php?rest_route=\/wp\/v2\/users\/1"}],"replies":[{"embeddable":true,"href":"https:\/\/weblog.igler.at\/index.php?rest_route=%2Fwp%2Fv2%2Fcomments&post=461"}],"version-history":[{"count":5,"href":"https:\/\/weblog.igler.at\/index.php?rest_route=\/wp\/v2\/posts\/461\/revisions"}],"predecessor-version":[{"id":466,"href":"https:\/\/weblog.igler.at\/index.php?rest_route=\/wp\/v2\/posts\/461\/revisions\/466"}],"wp:attachment":[{"href":"https:\/\/weblog.igler.at\/index.php?rest_route=%2Fwp%2Fv2%2Fmedia&parent=461"}],"wp:term":[{"taxonomy":"category","embeddable":true,"href":"https:\/\/weblog.igler.at\/index.php?rest_route=%2Fwp%2Fv2%2Fcategories&post=461"},{"taxonomy":"post_tag","embeddable":true,"href":"https:\/\/weblog.igler.at\/index.php?rest_route=%2Fwp%2Fv2%2Ftags&post=461"}],"curies":[{"name":"wp","href":"https:\/\/api.w.org\/{rel}","templated":true}]}}