{"id":140,"date":"2012-09-19T22:50:55","date_gmt":"2012-09-19T22:50:55","guid":{"rendered":"http:\/\/weblog.igler.at\/blog\/?p=140"},"modified":"2012-09-19T22:50:55","modified_gmt":"2012-09-19T22:50:55","slug":"die-gruselgeschichte-von-der-pechtra-baba-oder-man-wird-ja-noch-traumen-durfen","status":"publish","type":"post","link":"https:\/\/weblog.igler.at\/?p=140","title":{"rendered":"Die Gruselgeschichte von der Pechtra Baba oder Man wird ja noch tr\u00e4umen d\u00fcrfen"},"content":{"rendered":"<p>&nbsp;<\/p>\n<p>Gestern abend bin ich vor dem Fernseher eingeschlafen. Mit all der Aufregung \u00fcber<br \/>\nU-Ausschuss wird abgedreht oder nicht, Kollegin Schramm, die fleischgewordene Peinlichkeit, steht im <a href=\"http:\/\/www.spiegel.de\/politik\/deutschland\/piratin-julia-schramm-steckt-wegen-klick-mich-im-shitstorm-a-856784.html\" target=\"_blank\">Shitstorm<\/a>, Charlie H\u00e9bdo ver\u00f6ffentlicht neue Karikaturen des Propheten \u2013 \u00e4h \u2013 Dingsbums, EU-Anw\u00e4rter Kroatien will den Euro m\u00f6glichst bald einf\u00fchren (san de deppat?) \u2013 kurzum, mich hat die Aufregung \u00fcberw\u00e4ltigt, vielleicht auch das kleine Bier. Also eingeschlafen.<\/p>\n<p>Wie ich wieder aufwache, sitzt eine neben mir, der t\u00e4t\u2019 ich im Dunklen nicht begegnen wollen, so h\u00e4sslich ist die. Irgendwie denk ich mir \u2013 nach so einem Tag! \u2013 nix weiter dabei, schlie\u00dflich hab\u2019 ich \u00f6fters seltsame G\u00e4ste.<\/p>\n<p>Sag\u2019 ich dann doch zu ihr: \u201eWer bist Du denn?\u201c Sagt sie: \u201eI bin die Pertchtl.\u201c<\/p>\n<p>Ich, Zuagroaster aus dem feindlichen Ausland (aka Bundeshauptstadt), hab\u2019 nat\u00fcrlich keine Ahnung. Und sag\u2019 das auch. Sagt sie: \u201eDie Pechtra Baba, na slovensku \u2026\u201c<\/p>\n<p>\u201eDas kann ich auch nicht\u201c, sage daraufhin, wahrheitsgem\u00e4\u00df, ich. \u201eEgal\u201c, sagt die Baba jetzt, \u201eich bin gekommen, Dir eine Geschichte zu erz\u00e4hlen. Eine grausliche, denn Du sollst Dich f\u00fcrchten vor mir \u2026\u201c<\/p>\n<p>Und dann hat sie mir eine Geschichte erz\u00e4hlt, die Pechtra Baba.<\/p>\n<p>Die Geschichte geht von den wackeren K\u00e4rntner Roten und der sch\u00f6nen Zeitung, die sie Jahrzehnte lang hatten, zu einer Zeit, in der sie noch kleine rote Papiermarkerln in die Parteib\u00fccher geklebt haben, als Nachweis des Mitgliedsbeitrages \u2026 \u201eja, Baba\u201c sag\u2019 ich dann, \u201eund der Kreisky ist auch schon lange tot. Komm\u2019 zur Sache.\u201c<\/p>\n<p>Die Pechtra Baba schaut mich erbost an, weil ich so respeklos rede mit ihr, und l\u00e4sst sich nicht beirren. Und erz\u00e4hlt weiter, wie der Fortschritt ins Land Einzug gehalten hat, und wie daraufhin die Roten die sch\u00f6ne Zeitung heruntergewirtschaftet haben, so dass am Ende sie keiner mehr lesen, geschweige denn abonnieren wollte, und daraufhin die Werbekunden \u2026 \u201eBaba\u201c, sag\u2019 ich jetzt, \u201edie Roten haben ihre Zeitungen alle an die Wand gefahren, \u00fcberall, auch in Frankreich und in Deutschland. Also erz\u00e4hl\u2019 mir was Neues.\u201c<\/p>\n<p>\u201e<a href=\"http:\/\/www.stelzel.at\/web\/index.php?idSite=6&amp;idInhalt=11&amp;do=zagn&amp;filter=Olle\" target=\"_blank\">Potschasne<\/a>\u201c, sagt die Baba jetzt, \u201ees ist erst vorbei, wenn die dicke Dame singt.\u201c Und dann erz\u00e4hlt sie mir, dass die Roten am Ende so verzweifelt waren, dass sie sie verkauft haben, die sch\u00f6ne Zeitung, samt dem Verlagshaus und der Druckerei. An einen erfolgreichen Villacher Gesch\u00e4ftsmann, der in Werbung macht, und ein bisserl in Grundst\u00fccken, und so. \u201eA\u00a0<a href=\"http:\/\/www.kleinezeitung.at\/kaernten\/2516377\/verkauf-ktz-wurde-nun-besiegelt.story\" target=\"_blank\">gstondana Untanehma<\/a>, holt\u201c, sagt sie dann, und grinst mich an.<\/p>\n<p>Und erz\u00e4hlt, wie der Betriebsrat und die Chefredaktion besorgt waren, dass die Blattlinie \u2026 eine linksliberale, also etwas in K\u00e4rnten sehr verbreitetes &#8230; und der erfolgreiche Unternehmer hat ganz viel versprochen, und es werde keine \u00c4nderungen geben.<\/p>\n<p>Und dann hat er es noch pr\u00e4zisiert, der erfolgreiche Unternehmer, in einem Interview mit einer anderen <a href=\"http:\/\/www.kleinezeitung.at\/kaernten\/3032741\/alle-glauben-fpk-bezahlt-uns.story\" target=\"_blank\">Zeitung<\/a>. Da hat er gesagt: \u201e Wenn ein Journalist Material hat, soll er wen abflaschen. Mir is\u2019 das egal. Ich will, dass wir eine gute Zeitung machen und nicht unter der G\u00fcrtellinie angreifen \u2013 das ist meine Grenze. Aber die Redaktion macht ohnehin, was sie entscheidet. Nur mitdiskutieren darf ich als Eigent\u00fcmer noch \u2013 oder?\u201c<\/p>\n<p>Also ganz die Position des verantwortungsbewussten, nachhaltigen Unternehmers. Und dann hat er seinen Vater noch zum Prokuristen gemacht, der erfolgreiche Unternehmer, damit er wenigstens ein bisserl noch die Kontrolle hat, oder?<\/p>\n<p>Leider war die Zeitung zwei Jahre sp\u00e4ter schon wieder pleite. Und dann gab es so was Unanst\u00e4ndiges wie einen Konkursantrag, noch dazu von der Gebietskrankenkasse, es war allen echt peinlich. Heuer, Anfang Juni, am Bezirksgericht Klagenfurt Stadt.<\/p>\n<p>Der Antrag sei \u201ev\u00f6llig \u00fcberraschend gekommen\u201c f\u00fcr ihn, hat er gesagt, der erfolgreiche Unternehmer. Und dann passierte Seltsames: Dann kam ein anderer erfolgreicher Unternehmer, diesmal aus dem Oberland, der macht sein Geld in \u2013 erraten \u2013 Immobilien, und auch in Spielgemeinschaften, und mit dem anderen erfolgreichen Gesch\u00e4ftsmann, dem Villacher, vertreibt er zusammen auch diese neuen <a href=\"http:\/\/de.wikipedia.org\/wiki\/Elektrische_Zigarette\" target=\"_blank\">elektrischen Zigaretten<\/a>. Nicht fragen, Sie wollen\u2019s nicht wissen. Jedenfalls der aus Oberk\u00e4rnten hat die Schulden von der Tageszeitung bei der Gebietskrankenkasse gezahlt, und da war man dann allgemein froh.<\/p>\n<p>Und noch eine Woche sp\u00e4ter \u2013 da hatte der erfolgreiche Villacher den anderen Zeitungen schon erz\u00e4hlt, der erfolgreiche Oberk\u00e4rntner habe keinerlei Gesch\u00e4ftsbeziehung mit dem Verlag \u2013 da war der erfolgreiche Oberk\u00e4rntnter Unternehmer auch schon Mehrheitsbesitzer an einem Tochterunternehmen der Zeitung, n\u00e4mlich den \u2013 an sich nicht ganz so maroden \u2013 Bezirksbl\u00e4ttern.<\/p>\n<p>Wo all das sch\u00f6ne Geld herkam, darf ger\u00e4tselt <a href=\"http:\/\/www.kleinezeitung.at\/kaernten\/3032741\/alle-glauben-fpk-bezahlt-uns.story\" target=\"_blank\">werden<\/a>. Ich mein\u2019, f\u00fcr K\u00e4rntner Verh\u00e4ltnisse sind 240.000 Eumels ein <a href=\"http:\/\/www.ostarrichi.org\/wort-4238-at-Wuckerl.html\" target=\"_blank\">Waukerl<\/a>, da schei\u00dft sich selbst der Birni nicht an, aber so auf die Schnelle, jetzt, hier, in bar \u2026 auch nicht so wenig, dass es aus der Portokasse genommen werden k\u00f6nnte. Aus den <a href=\"http:\/\/derstandard.at\/1336697160712\/Kaerntner-Tageszeitung-Man-wird-uns-nicht-vom-Markt-bringen\" target=\"_blank\">Bilanzen<\/a> der Zeitung jedenfalls auch nicht, deren letzte aus 2010 weist 922.698,86 Euro Verbindlichkeiten, einen Bilanzverlust von 524.302 Euro und 371.586,53 Euro negatives Eigenkapital aus, also nicht wirklich berauschend.<\/p>\n<p>\u201eAber da gibt es noch einen\u201c, sagt die Pechtra Baba jetzt und grinst ganz hinterh\u00e4ltig, \u201eder hat viel Geld, sehr viel Geld, und der will jetzt bei der kommenden Landtagswahl mitspielen, und da w\u00e4re eine Zeitung doch gerade recht \u2026 m\u00f6glichst ohne eine offene \u00dcbernahme, von wegen dem Wirbel und der Medienbeh\u00f6rde warat\u2019s, die in solchen F\u00e4llen ja mitreden will \u2026 und das bisserl Widerstand aus der Redaktion, das kriegen wir auch noch hin, schlie\u00dflich sitzt das Herz links, aber das Geldb\u00f6rserl sitzt rechts.\u201c<\/p>\n<p>\u201eAch ja\u201c, sag\u2019 ich. Und: \u201eDas sind doch alles nur Spekulationen.\u201c Sag\u2019 ich. Und: \u201eDu hast absolut keine Beweise.\u201c<\/p>\n<p>\u201eAch\u201c, sagt die Pechtra Baba dann, \u201eund dass jetzt der Vater des erfolgreichen Unternehmers aus Villach \u2013 der mit der Prokura im Verlag \u2013 jetzt sein <a href=\"http:\/\/www.tt.com\/Nachrichten\/5428482-2\/stronach-partei-holt-hannes-berger-als-wahlkampfleiter.csp\" target=\"_blank\">Wahlkampfleiter<\/a>\u00a0geworden ist, ist ein Zufall, ja?\u201c<\/p>\n<p>\u201eNein, was es doch f\u00fcr Zuf\u00e4lle gibt, sagt sie noch, und jetzt grinst sie direkt diabolisch. \u201eUnd, stell\u2019 dir vor, er macht es ehrenamtlich. Was f\u00fcr eine Ehre. Und seine Prokura hat er selbstverst\u00e4ndlich zur\u00fcck gelegt.\u201c<\/p>\n<p>\u201eWas\u201c, sag\u2019 ich jetzt, erstaunt, \u201eder Alte ist jetzt Wahlkampfleiter beim \u2026\u00a0\u201c<\/p>\n<p>\u201eNicht!\u201c schreit die Baba jetzt, \u201enicht sag\u2019 seinen Namen, \u201eden darf man nicht aussprechen, sonst \u2026 \u201c\u00a0zu sp\u00e4t.<\/p>\n<p>\u201eFrank Stronach\u201c, sag\u2019 ich jetzt, und die Baba schreit ganz f\u00fcrchterlich laut, und es stinkt nach Schwefel, davon bin ich wieder aufgewacht. Und was dann passiert, werden wir nie erfahren. Weil: es is eh&#8216; nix passiert.<\/p>\n<p>Und dann war gottseidank alles wieder normal. Der U-Ausschuss wird nicht eingestellt. Charlie H\u00e9bdo ist nicht abgefackelt worden, Frau Schramm ist noch immer eine bl\u00f6de Kuh, und selbstverst\u00e4ndlich ist die KTZ eine linksliberale Zeitung geblieben. *muhahahaha* Und alles Andere ist nur getr\u00e4umt. Da hab\u2019 ich nix vers\u00e4umt.<\/p>\n<p>Und das von der Hypo Alpe Adria Bank, die jetzt vom Staat Schadenersatz einklagen m\u00f6chte, weil sie bei der Notverstaatlichung um verm\u00f6gensrelevante Werte gebracht worden sein will, das habe ich nat\u00fcrlich auch nur getr\u00e4umt. Gottseidank.<\/p>\n<p>\u00c4h \u2013 <a href=\"http:\/\/kaernten.orf.at\/news\/stories\/2550682\/\" target=\"_blank\">nein<\/a>?<\/p>\n<p>Ganz lange Pause.<\/p>\n<p>Hallo, Nobelpreis-Komitee? Haben Sie auch einen Nobelpreis f\u00fcr <a href=\"http:\/\/de.wikipedia.org\/wiki\/Chuzpe\" target=\"_blank\">Chuzpe<\/a>? Also, ich m\u00f6chte da einen Vorschlag machen \u2026<\/p>\n<p>&nbsp;<\/p>\n<p>Erg\u00e4nzung am Di. 13.11.2012:<\/p>\n<p><a href=\"http:\/\/derstandard.at\/1350261198868\/Kaerntner-Team-Stronach-trennte-sich-von-Wahlkampfleiter\" target=\"_blank\">http:\/\/derstandard.at\/1350261198868\/Kaerntner-Team-Stronach-trennte-sich-von-Wahlkampfleiter<\/a><\/p>\n<p>Ging eigentlich erstaunlich schnell.<\/p>\n","protected":false},"excerpt":{"rendered":"<p>&nbsp; Gestern abend bin ich vor dem Fernseher eingeschlafen. Mit all der Aufregung \u00fcber U-Ausschuss wird abgedreht oder nicht, Kollegin Schramm, die fleischgewordene Peinlichkeit, steht im Shitstorm, Charlie H\u00e9bdo ver\u00f6ffentlicht neue Karikaturen des Propheten \u2013 \u00e4h \u2013 Dingsbums, EU-Anw\u00e4rter Kroatien will den Euro m\u00f6glichst bald einf\u00fchren (san de deppat?) \u2013 kurzum, mich hat die Aufregung &hellip; <\/p>\n<p class=\"link-more\"><a href=\"https:\/\/weblog.igler.at\/?p=140\" class=\"more-link\"><span class=\"screen-reader-text\">\u201eDie Gruselgeschichte von der Pechtra Baba oder Man wird ja noch tr\u00e4umen d\u00fcrfen\u201c<\/span> weiterlesen<\/a><\/p>\n","protected":false},"author":2,"featured_media":0,"comment_status":"open","ping_status":"open","sticky":false,"template":"","format":"standard","meta":{"footnotes":""},"categories":[4,8,9],"tags":[],"class_list":["post-140","post","type-post","status-publish","format-standard","hentry","category-allgemein","category-piraten","category-politik"],"_links":{"self":[{"href":"https:\/\/weblog.igler.at\/index.php?rest_route=\/wp\/v2\/posts\/140","targetHints":{"allow":["GET"]}}],"collection":[{"href":"https:\/\/weblog.igler.at\/index.php?rest_route=\/wp\/v2\/posts"}],"about":[{"href":"https:\/\/weblog.igler.at\/index.php?rest_route=\/wp\/v2\/types\/post"}],"author":[{"embeddable":true,"href":"https:\/\/weblog.igler.at\/index.php?rest_route=\/wp\/v2\/users\/2"}],"replies":[{"embeddable":true,"href":"https:\/\/weblog.igler.at\/index.php?rest_route=%2Fwp%2Fv2%2Fcomments&post=140"}],"version-history":[{"count":0,"href":"https:\/\/weblog.igler.at\/index.php?rest_route=\/wp\/v2\/posts\/140\/revisions"}],"wp:attachment":[{"href":"https:\/\/weblog.igler.at\/index.php?rest_route=%2Fwp%2Fv2%2Fmedia&parent=140"}],"wp:term":[{"taxonomy":"category","embeddable":true,"href":"https:\/\/weblog.igler.at\/index.php?rest_route=%2Fwp%2Fv2%2Fcategories&post=140"},{"taxonomy":"post_tag","embeddable":true,"href":"https:\/\/weblog.igler.at\/index.php?rest_route=%2Fwp%2Fv2%2Ftags&post=140"}],"curies":[{"name":"wp","href":"https:\/\/api.w.org\/{rel}","templated":true}]}}